{"id":723,"date":"2012-05-20T15:19:04","date_gmt":"2012-05-20T14:19:04","guid":{"rendered":"http:\/\/tymur.cz\/?p=723"},"modified":"2015-04-24T08:26:40","modified_gmt":"2015-04-24T07:26:40","slug":"na-klimta-do-vidne","status":"publish","type":"post","link":"https:\/\/www.tymur.cz\/?p=723","title":{"rendered":"Na Klimta do V\u00eddn\u011b"},"content":{"rendered":"<table>\n<tbody>\n<tr>\n<td>\n<p><div style=\"width: 210px\" class=\"wp-caption alignnone\"><a class=\"shutterset_\" title=\"Muzejn\u00ed \u010dtvr\u0165 na muzejn\u00edm n\u00e1m\u011bst\u00ed.\" href=\"http:\/\/tymur.cz\/wp-content\/gallery\/12_viden_kveten\/IMG_2222.jpg\"><img loading=\"lazy\" decoding=\"async\" class=\"ngg-singlepic ngg-left \" src=\"http:\/\/tymur.cz\/wp-content\/gallery\/12_viden_kveten\/thumbs\/thumbs_IMG_2222.jpg\" alt=\"IMG_2222\" width=\"200\" height=\"200\" \/><\/a><p class=\"wp-caption-text\">Muzejn\u00ed \u010dtvr\u0165 na muzejn\u00edm n\u00e1m\u011bst\u00ed.<\/p><\/div><\/td>\n<td style=\"text-align: justify;\">Letos je to 150 let co se ve V\u00eddni narodil mal\u00ed\u0159sk\u00fd g\u00e9nius a p\u0159edstavitel v\u00edde\u0148sk\u00e9 secese <em>Gustav Klimt.<\/em> V\u00edde\u0148 si toto v\u00fdro\u010d\u00ed p\u0159ipom\u00edn\u00e1 ve velk\u00e9m stylu a po cel\u00fd rok jsou ve m\u011bst\u011b v\u00fdstavy nejen Klimtov\u00fdch obraz\u016f, ale v\u0161eho co s um\u011blcem n\u011bjak souvis\u00ed. Vzhledem k tomu, \u017ee Klimta m\u00e1m r\u00e1d a V\u00edde\u0148 je zaj\u00edmav\u00e1, vyrazil jsem taky a proto\u017ee jsem sl\u00edbil report, tady je:<\/td>\n<td><\/td>\n<\/tr>\n<\/tbody>\n<\/table>\n<p><!--more--><\/p>\n<p><strong>Cesta z Prahy<\/strong><\/p>\n<table>\n<tbody>\n<tr>\n<td>\n<p><div style=\"width: 140px\" class=\"wp-caption alignnone\"><a class=\"shutterset_\" href=\"http:\/\/tymur.cz\/wp-content\/gallery\/12_viden_kveten\/IMG_2175.jpg\"><img loading=\"lazy\" decoding=\"async\" class=\"ngg-singlepic ngg-none \" src=\"http:\/\/tymur.cz\/wp-content\/gallery\/12_viden_kveten\/thumbs\/thumbs_IMG_2175.jpg\" alt=\"IMG_2175\" width=\"130\" height=\"130\" \/><\/a><p class=\"wp-caption-text\">Ob\u0159\u00ed rusk\u00e9 kolo v Pratru.<\/p><\/div><\/td>\n<td style=\"text-align: justify;\">\u017dlut\u00fdm autobusem netrv\u00e1 cesta Praha-V\u00edde\u0148 nijak dlouho, i s p\u016flhodinovou p\u0159est\u00e1vkou v Brn\u011b, je to n\u011bco m\u00e1lo p\u0159es \u010dty\u0159i a p\u016fl hodiny. Vybral jsem si v nab\u00eddce autobusu dva filmy a ne\u017e jsem je sta\u010dil dokoukat, byl \u010das vystoupit na v\u00edde\u0148sk\u00e9m Pratru, ano tam co je to ob\u0159\u00ed rusk\u00e9 kolo k jeho\u017e slavnostn\u00edmu otev\u0159en\u00ed napsal J\u00e1ra Cimrman operetu Proso. Tak\u017ee jsem ud\u011blal fotku kola, prot\u00e1hl si nohy a vyrazil na proch\u00e1zku V\u00eddn\u00ed.<\/td>\n<td>\n<p><div style=\"width: 140px\" class=\"wp-caption alignnone\"><a class=\"shutterset_\" href=\"http:\/\/tymur.cz\/wp-content\/gallery\/12_viden_kveten\/IMG_2176.jpg\"><img loading=\"lazy\" decoding=\"async\" class=\"ngg-singlepic ngg-left  \" src=\"http:\/\/tymur.cz\/wp-content\/gallery\/12_viden_kveten\/thumbs\/thumbs_IMG_2176.jpg\" alt=\"IMG_2176\" width=\"130\" height=\"130\" \/><\/a><p class=\"wp-caption-text\">Admir\u00e1l Wilhelm von Tegetthoff na 11 metr\u016f vysok\u00e9m podstavci od Karla Hasenauera. N\u00e1m\u011bst\u00ed Praterstern.<\/p><\/div><\/td>\n<\/tr>\n<\/tbody>\n<\/table>\n<p><strong>V\u00edde\u0148<\/strong><\/p>\n<table>\n<tbody>\n<tr>\n<td>\n<div style=\"width: 160px\" class=\"wp-caption alignnone\"><a class=\"shutterset_\" title=\"Uraniastra\u00dfe\" href=\"http:\/\/tymur.cz\/wp-content\/gallery\/12_viden_kveten\/IMG_2186.jpg\"><img loading=\"lazy\" decoding=\"async\" class=\"ngg-singlepic ngg-none\" src=\"http:\/\/tymur.cz\/wp-content\/gallery\/12_viden_kveten\/thumbs\/thumbs_IMG_2186.jpg\" alt=\"IMG_2186\" width=\"150\" height=\"150\" \/><\/a><p class=\"wp-caption-text\">Uraniastra\u00dfe<\/p><\/div>\n<div style=\"width: 160px\" class=\"wp-caption alignnone\"><a class=\"shutterset_\" href=\"http:\/\/tymur.cz\/wp-content\/gallery\/12_viden_kveten\/IMG_2192.jpg\"><img loading=\"lazy\" decoding=\"async\" class=\"ngg-singlepic ngg-none\" src=\"http:\/\/tymur.cz\/wp-content\/gallery\/12_viden_kveten\/thumbs\/thumbs_IMG_2192.jpg\" alt=\"IMG_2192\" width=\"150\" height=\"150\" \/><\/a><p class=\"wp-caption-text\">Kursalon H\u00fcbner ve Stadtparku<\/p><\/div>\n<p><div style=\"width: 160px\" class=\"wp-caption alignnone\"><a class=\"shutterset_\" href=\"http:\/\/tymur.cz\/wp-content\/gallery\/12_viden_kveten\/IMG_2211.jpg\"><img loading=\"lazy\" decoding=\"async\" class=\"ngg-singlepic ngg-none\" src=\"http:\/\/tymur.cz\/wp-content\/gallery\/12_viden_kveten\/thumbs\/thumbs_IMG_2211.jpg\" alt=\"IMG_2211\" width=\"150\" height=\"150\" \/><\/a><p class=\"wp-caption-text\">Karlskirche na Karlsplatzu<\/p><\/div><\/td>\n<td>To, \u010deho jsem si v\u0161iml na V\u00eddni jako prvn\u00edho, byla zele\u0148, ulice obsahuj\u00ed mnohem v\u00edce strom\u016f, tr\u00e1vn\u00edk\u016f a kv\u011btin\u00e1\u010d\u016f (v\u0161ech mo\u017en\u00fdch velikost\u00ed) ne\u017e je v Praze obvykl\u00e9. Obzvl\u00e1\u0161t\u011b hlavn\u00ed ulice m\u00edvaj\u00ed alespo\u0148 jeden pruh tr\u00e1vy sem tam vy\u0161perkovan\u00fd stromem. Druhou v\u011bc\u00ed pak byla kola a cyklisti, respektive m\u00edstn\u00ed \u00fapravy pro n\u011b. Obecn\u011b plat\u00ed, \u017ee silnice a chodn\u00edky nemaj\u00ed p\u0159\u00edli\u0161 mnoho obrubn\u00edk\u016f, pov\u011bt\u0161inou jsou v jedn\u00e9 rovin\u011b, nebo odd\u011bleny jen asi t\u0159\u00edcentimetrovou v\u00fd\u0161kovou dilatac\u00ed, ale skoro v\u0161ude jsou na chodn\u00edc\u00edch dva ozna\u010den\u00e9 pruhy, pro chodce a pro cyklisty, stejn\u011b tak jako jsou dvoj\u00ed semafory. Jako \u010dlov\u011bk tohoto uspo\u0159\u00e1d\u00e1n\u00ed neznal\u00fd, jsem m\u011bl zpo\u010d\u00e1tku tendenci, nevn\u00edmat jestli jdu po \u010d\u00e1sti chodn\u00edku pat\u0159\u00edc\u00ed chodc\u016fm, nebo cyklist\u016fm, co\u017e po r\u00e1nu (dojeli jsme do V\u00eddn\u011b v osm hodin r\u00e1no) bylo jedno, ale s p\u0159ib\u00fdvaj\u00edc\u00edmi hodinami a zvy\u0161uj\u00edc\u00edm se po\u010dtem jezdc\u016f to za\u010dlo b\u00fdt nevhodn\u00e9. Nakonec jsem si na to zvykl a sna\u017eil se chodit spr\u00e1vn\u011b. Jinak je skladbou dom\u016f a \u010dtvrt\u00ed m\u011bsto praze vcelku bl\u00edzk\u00e9 a i kdy\u017e mi p\u0159i\u0161lo o fous \u010dist\u0161\u00ed, nebyl to tak markantn\u00ed rozd\u00edl.<\/td>\n<td><\/td>\n<\/tr>\n<\/tbody>\n<\/table>\n<p><strong>V\u00fdstavy<\/strong><\/p>\n<table>\n<tbody>\n<tr>\n<td><\/td>\n<td>Z nep\u0159ebern\u00e9ho mno\u017estv\u00ed leto\u0161n\u00edch v\u00fdstav t\u00fdkaj\u00edc\u00edch se Gustava Klimta jsem vybral \u010dty\u0159i aktu\u00e1ln\u00ed (rozum\u011bj, ty kter\u00e9 zrovna b\u011b\u017e\u00ed) a nakonec nav\u0161t\u00edvil dv\u011b. Prvn\u00ed byla V\u00edde\u0148sk\u00e9 muzeum Karlsplatz: Klimt. Jednalo se o v\u00fdstavu pov\u011bt\u0161inou skic a kreseb od ran\u00e9ho po pozdn\u00ed obdob\u00ed mistrovy tvorby. V\u00fdstava v jedn\u00e9 velik\u00e9 m\u00edstnosti obsahovala p\u0159es 400 list\u016f a byla dopln\u011bna informacemi v manu\u00e1lu k zap\u016fj\u010den\u00ed. Manu\u00e1l byl k dispozici v n\u011bmeck\u00e9m i anglick\u00e9m jazyce. Krom\u011b toho byla je\u0161t\u011b v jednom ze z\u00e1kout\u00ed v\u00fdstava p\u0159edm\u011bt\u016f s Klimtov\u00fdmi kresbami (zapalova\u010de, ta\u0161ky, hren\u010dky, prost\u011b na co si vzpomenete) a \u00fa\u017easn\u00e1 digit\u00e1ln\u00ed prezentace k sout\u011b\u017ei &#8222;Worst of Klimt&#8220; vyhl\u00e1\u0161en\u00e9 na FaceBooku, ano, skute\u010dn\u011b se jednalo o hled\u00e1n\u00ed nejhor\u0161\u00edho p\u0159edm\u011btu s Klimtovou tematikou. Jen pro \u00faplnost dod\u00e1m, \u017ee muzeum m\u00e1 p\u0159\u00edjemn\u00fd person\u00e1l a lidov\u00e9 vstupn\u00e9 8 euro. Druhou nav\u0161t\u00edvenou v\u00fdstavou byla Cesta(\u010dasem) Gustava Klimta v Leopoldov\u011b muzeu na Museumsplatz. Jen tak na okraj, V\u00edde\u0148 m\u00e1 opravdu muzejn\u00ed n\u00e1m\u011bst\u00ed a skute\u010dn\u011b jsou na n\u011bm v podstat\u011b pouze muzea, co\u017e dokazuje, \u017ee Praha m\u00e1 v kutu\u0159e je\u0161t\u011b hodn\u011b co doh\u00e1n\u011bt. V\u00fdstava v Leopoldov\u011b muzeu byla rozs\u00e1hlej\u0161\u00ed co do r\u016fznorodosti, obsahovala das\u00edtky pohlednic kter\u00e9 Gustav Klimt pos\u00edlal pravideln\u011b sv\u00e9 dlouholet\u00e9 p\u0159\u00edtelkyni Emilie Fl\u00f6ge. Nicm\u00e9n\u011b tu bylo v\u00fdrazn\u011b v\u00edce lid\u00ed, person\u00e1l nebyl tak p\u0159\u00edv\u011btiv\u00fd a vstupn\u00e9 \u010dinilo cel\u00fdch 12 euro a je\u0161t\u011b bylo t\u0159eba p\u0159ihodit euro na \u0161atn\u011b. Jinak z\u00e1v\u011brem tohoto odstavce m\u00e1m pro V\u00e1s doporu\u010den\u00ed, nebu\u010fte l\u00edn\u00ed a p\u0159ivsta\u0148te si, muzea otev\u00edraj\u00ed v deset a vyplat\u00ed se b\u00fdt mezi prvn\u00edmi, budete m\u00edt mnohem v\u00edce klidu na vychutn\u00e1n\u00ed um\u011bleck\u00fdch d\u011bl, ne\u017e se dopot\u00e1c\u00ed sedmisp\u00e1\u010di.<\/td>\n<td>\n<div style=\"width: 160px\" class=\"wp-caption alignnone\"><a class=\"shutterset_\" href=\"http:\/\/tymur.cz\/wp-content\/gallery\/12_viden_kveten\/IMG_2212.jpg\"><img loading=\"lazy\" decoding=\"async\" class=\"ngg-singlepic ngg-none\" src=\"http:\/\/tymur.cz\/wp-content\/gallery\/12_viden_kveten\/thumbs\/thumbs_IMG_2212.jpg\" alt=\"IMG_2212\" width=\"150\" height=\"150\" \/><\/a><p class=\"wp-caption-text\">I ve V\u00eddni je streetart.<\/p><\/div>\n<div style=\"width: 160px\" class=\"wp-caption alignnone\"><a class=\"shutterset_\" href=\"http:\/\/tymur.cz\/wp-content\/gallery\/12_viden_kveten\/IMG_2227.jpg\"><img loading=\"lazy\" decoding=\"async\" class=\"ngg-singlepic ngg-none\" src=\"http:\/\/tymur.cz\/wp-content\/gallery\/12_viden_kveten\/thumbs\/thumbs_IMG_2227.jpg\" alt=\"IMG_2227\" width=\"150\" height=\"150\" \/><\/a><p class=\"wp-caption-text\">Inu, pen\u00edze si tu asi nevyberu.<\/p><\/div>\n<p><div style=\"width: 160px\" class=\"wp-caption alignnone\"><a class=\"shutterset_\" href=\"http:\/\/tymur.cz\/wp-content\/gallery\/12_viden_kveten\/IMG_2207.jpg\"><img loading=\"lazy\" decoding=\"async\" class=\"ngg-singlepic ngg-none\" src=\"http:\/\/tymur.cz\/wp-content\/gallery\/12_viden_kveten\/thumbs\/thumbs_IMG_2207.jpg\" alt=\"IMG_2207\" width=\"150\" height=\"150\" \/><\/a><p class=\"wp-caption-text\">Plastika p\u0159edstavuj\u00edc\u00ed pravd\u011bpodobn\u011b Pravdu, L\u00e1sku a M\u00e1miny doma pe\u010den\u00e9 kol\u00e1\u010de na Karlsplatzu.<\/p><\/div><\/td>\n<\/tr>\n<\/tbody>\n<\/table>\n<p><strong>J\u00eddlo<\/strong><\/p>\n<table>\n<tbody>\n<tr>\n<td>\n<div style=\"width: 160px\" class=\"wp-caption alignnone\"><a class=\"shutterset_\" href=\"http:\/\/tymur.cz\/wp-content\/gallery\/12_viden_kveten\/IMG_2229.jpg\"><img loading=\"lazy\" decoding=\"async\" class=\"ngg-singlepic ngg-none\" src=\"http:\/\/tymur.cz\/wp-content\/gallery\/12_viden_kveten\/thumbs\/thumbs_IMG_2229.jpg\" alt=\"IMG_2229\" width=\"150\" height=\"150\" \/><\/a><p class=\"wp-caption-text\">Mal\u00e1 kav\u00e1rna na franti\u0161k\u00e1nsk\u00e9m n\u00e1m\u011bst\u00ed, dle n\u011bkter\u00fdch pov\u011bst\u00ed nejmen\u0161\u00ed ve V\u00eddni.<\/p><\/div>\n<p>&nbsp;<\/p>\n<div style=\"width: 160px\" class=\"wp-caption alignnone\"><a class=\"shutterset_\" href=\"http:\/\/tymur.cz\/wp-content\/gallery\/12_viden_kveten\/IMG_2230.jpg\"><img loading=\"lazy\" decoding=\"async\" class=\"ngg-singlepic ngg-none\" src=\"http:\/\/tymur.cz\/wp-content\/gallery\/12_viden_kveten\/thumbs\/thumbs_IMG_2230.jpg\" alt=\"IMG_2230\" width=\"150\" height=\"150\" \/><\/a><p class=\"wp-caption-text\">Nej\u00fa\u017easn\u011bj\u0161\u00ed z\u00e1\u017eitek, sacher a k\u00e1va.<\/p><\/div>\n<p>&nbsp;<\/p>\n<div style=\"width: 160px\" class=\"wp-caption alignnone\"><a class=\"shutterset_\" href=\"http:\/\/tymur.cz\/wp-content\/gallery\/12_viden_kveten\/IMG_2232.jpg\"><img loading=\"lazy\" decoding=\"async\" class=\"ngg-singlepic ngg-none\" src=\"http:\/\/tymur.cz\/wp-content\/gallery\/12_viden_kveten\/thumbs\/thumbs_IMG_2232.jpg\" alt=\"IMG_2232\" width=\"150\" height=\"150\" \/><\/a><p class=\"wp-caption-text\">Hosp\u016fdky a restaurace jsou tu na ka\u017ed\u00e9m rohu a architektura je tak\u00e9 zaj\u00edmav\u00e1.<\/p><\/div>\n<p>&nbsp;<\/p>\n<div style=\"width: 160px\" class=\"wp-caption alignnone\"><a class=\"shutterset_\" href=\"http:\/\/tymur.cz\/wp-content\/gallery\/12_viden_kveten\/IMG_2251.jpg\"><img loading=\"lazy\" decoding=\"async\" class=\"ngg-singlepic ngg-none\" src=\"http:\/\/tymur.cz\/wp-content\/gallery\/12_viden_kveten\/thumbs\/thumbs_IMG_2251.jpg\" alt=\"IMG_2251\" width=\"150\" height=\"150\" \/><\/a><p class=\"wp-caption-text\">Skv\u011bl\u00fd ComicsStore kde krom komix\u016f maj\u00ed i spoustu v\u0161elijak\u00e9ho haramp\u00e1d\u00ed a blb\u016fstek.<\/p><\/div>\n<p>&nbsp;<\/td>\n<td>Kdy\u017e u\u017e jsem na\u010dal vychutn\u00e1v\u00e1n\u00ed, samoz\u0159ejm\u011b \u017ee nen\u00ed mo\u017en\u00e9 nav\u0161t\u00edvit v\u00edde\u0148 a nedat si dv\u011b v\u011bci. V\u00edde\u0148sk\u00fd \u0161nicl (Wienerschnitzel) tedy \u0159\u00edzek a samoz\u0159ejm\u011b Sachr\u016fv dort (sachertorte) kter\u00fd v roce 1832 vyrobil poprv\u00e9 rodil\u00fd v\u00edde\u0148\u00e1k Franz Sacher tehdy teprve \u0161estn\u00e1ctilet\u00fd pomocn\u00fd kucht\u00edk na ministerstvu zahrani\u010d\u00ed. Schnitzel jsme si dali na Opernring, kter\u00e1 je jednou z ulic je\u017e tvo\u0159\u00ed okruh kolem star\u00e9ho m\u011bsta a na nich\u017e jezd\u00ed tramvaj a norm\u00e1ln\u00ed doprava, co\u017e uvnit\u0159 tohoto kruhu tak \u00fapln\u011b nen\u00ed (doporu\u010duji kouknout na mapu, bude V\u00e1m to jasn\u00e9). Sezen\u00ed venku na ulici, naproti parku a oblo\u017een\u00e9 ke\u0159i v kv\u011btin\u00e1\u010d\u00edch bylo velmi p\u0159\u00edjemn\u00e9, \u0159\u00edzek tenk\u00fd, p\u0159es cel\u00fd tal\u00ed\u0159 velik\u00fd, \u0161\u0165avnat\u00fd a p\u0159esn\u011b tak akor\u00e1t osolen\u00fd. Jako p\u0159\u00edlohu nab\u00edzej\u00ed pomfrity nebo salat. P\u0159edpokl\u00e1dal jsem, \u017ee jako sal\u00e1t (salat) dostanu n\u011bjakou tu nakr\u00e1jenou zeleninu, co\u017e byla pravda jen \u010d\u00e1ste\u010dn\u011b. Sou\u010dast\u011b s okurkou, raj\u010detem a sal\u00e1tem se toti\u017e v misce s p\u0159\u00edlohou ukr\u00fdvaly je\u0161t\u011b va\u0159en\u00e9 brambory s kyselou z\u00e1livkou. Pro m\u011b velmi netradi\u010dn\u00ed chu\u0165, nicm\u00e9n\u011b rozhodn\u011b ne \u0161patn\u00e1. Za \u0159\u00edzek i s p\u0159\u00edlohou jsme nechali ka\u017ed\u00fd vcelku lidov\u00fdch (na centrum v\u00eddn\u011b) 12,90 euro. A sokojen\u011b nacpan\u00ed jsme po kr\u00e1tk\u00e9 ralaxaci nad neuv\u011b\u0159iteln\u011b sladk\u00fdm nealkopivem vyrazili d\u00e1l. P\u016fvodn\u00ed z\u00e1m\u011br d\u00e1t si sachr\u016fv z\u00e1kusek p\u0159\u00edmo v Kleines caf\u00e9 na franti\u0161k\u00e1nsk\u00e9m n\u00e1m\u011bst\u00ed nevy\u0161el \u00fapln\u011b spr\u00e1vn\u011b, ale vlastn\u011b o ani nevadilo. Abych to vysv\u011btlil, do\u0161i jsme na m\u00edsto (Franziskaplatz) a posadili se ke stole\u010dku p\u0159ed Kleines caf\u00e9, p\u0159ib\u011bhl \u010d\u00ed\u0161n\u00edk a na po\u017e\u00e1d\u00e1n\u00ed p\u0159edlo\u017eil j\u00eddeln\u00ed l\u00edstek. V l\u00edstku nicm\u00e9n\u011b sachr nebyl, tak jsem se zvedl s omluvou, \u017ee jsem p\u0159i\u0161el na prav\u00fd v\u00edde\u0148sk\u00fd sachr a pokud ho nenab\u00edzej\u00ed, \u017ee budu muset jinam. Te\u010f se zase omluvil \u010d\u00ed\u0161n\u00edk, \u017ee samoz\u0159ejm\u011b sachr nab\u00edzej\u00ed, ale v l\u00edstku ho nemaj\u00ed. Kdy\u017e se to vysv\u011btlilo zase jsem si sedl, k sachru si objednal Wienna coffe (prost\u011b jsem to zkusil) a v klidu a o\u010dek\u00e1v\u00e1n\u00ed si zap\u00e1lil cigaretu (tady kec\u00e1m, u\u017e t\u00fdden kou\u0159\u00edm elektronickou, tak\u017ee nezap\u00e1lil, nicm\u00e9n\u011b jsem si zakou\u0159il :o). Po n\u011bkolika minut\u00e1ch n\u00e1m p\u0159inesli objednanou k\u00e1vu, bylo to vcelku dobr\u00e9 preso se spoustou p\u011bny, nicm\u00e9n\u011b to co zn\u00e1me pod pojmem v\u00edde\u0148sk\u00e1 k\u00e1va asi jmenuj\u00ed jinak, a n\u00e1sledn\u011b i sachr. Byl \u00fa\u017easn\u00fd. Mus\u00edm \u0159\u00edci, \u017ee sed\u011bt ve v\u00eddni na jednom z historick\u00fdch n\u00e1m\u011bst\u00ed\u010dek v tepl\u00e9m skoro letn\u00edm odpoledni, pop\u00edjet dobrou k\u00e1vu a u\u017edibovat k tomu sachr, je jeden z nejp\u0159\u00edjemn\u011bj\u0161\u00edch z\u00e1\u017eitk\u016f kter\u00fdmi se mohu py\u0161nit.<\/td>\n<td><\/td>\n<\/tr>\n<\/tbody>\n<\/table>\n<p><strong>V\u00edde\u0148\u00e1ci<\/strong><\/p>\n<table>\n<tbody>\n<tr>\n<td><\/td>\n<td>Jac\u00ed jsou v\u00edde\u0148\u00e1ci? Ve skrze co jsem mohl poznat, tak mnohem srde\u010dn\u011bj\u0161\u00ed (minim\u00e1ln\u011b ke klient\u016fm a turist\u016fm) ne\u017e jak to zn\u00e1me tady. Jsou tak\u00e9 mnohem ochotn\u011bj\u0161\u00ed a schopn\u011bj\u0161\u00ed komunikovat v angli\u010dtin\u011b, i kdy\u017e mnohdy je jejich angli\u010dtina je\u0161t\u011b hor\u0161\u00ed ne\u017e ta moje (a to je co \u0159\u00edci) nicm\u00e9n\u011b se sna\u017e\u00ed a to je to co se po\u010d\u00edt\u00e1. Nestalo se mi \u017ee bych se (i p\u0159es svoj\u00ed slabou angli\u010dtinu a tak\u0159ka hmatateln\u00fd odpor k n\u011bm\u010din\u011b) nedomluvil. N\u011bkdy je pravda pot\u0159eba dotaz nebo i odpov\u011b\u010f opakovat n\u011bkolikr\u00e1t, nebo jin\u00fdmi slovy, ale jak se \u0159\u00edk\u00e1, kde je v\u016fle, je i dohoda. Ve v\u00eddni to plat\u00ed ur\u010dit\u011b. Co se t\u00fd\u010de n\u011bjak\u00fdch na prvn\u00edch pohled v\u00fdrazn\u00fdch rozd\u00edl\u016f mezi pra\u017e\u00e1ky a v\u00edde\u0148\u00e1ky, nev\u0161iml jsem si ni\u010deho a vzhledem k tomu, \u017ee spousta z nich pokud za\u010d\u00ednala rozhovor s n\u00e1mi, za\u010dla n\u011bm\u010dinou, tedy se z jejich pohledu tak\u00e9 nijak moc neli\u0161\u00edme.<\/td>\n<td>\n<div style=\"width: 160px\" class=\"wp-caption alignnone\"><a class=\"shutterset_\" href=\"http:\/\/tymur.cz\/wp-content\/gallery\/12_viden_kveten\/IMG_2223.jpg\"><img loading=\"lazy\" decoding=\"async\" class=\"ngg-singlepic ngg-none\" src=\"http:\/\/tymur.cz\/wp-content\/gallery\/12_viden_kveten\/thumbs\/thumbs_IMG_2223.jpg\" alt=\"IMG_2223\" width=\"150\" height=\"150\" \/><\/a><p class=\"wp-caption-text\">Muzeum modern\u00edho um\u011bn\u00ed v muzejn\u00ed \u010dtvrti.<\/p><\/div>\n<p>&nbsp;<\/p>\n<div style=\"width: 160px\" class=\"wp-caption alignnone\"><a class=\"shutterset_\" href=\"http:\/\/tymur.cz\/wp-content\/gallery\/12_viden_kveten\/IMG_2239.jpg\"><img loading=\"lazy\" decoding=\"async\" class=\"ngg-singlepic ngg-none\" src=\"http:\/\/tymur.cz\/wp-content\/gallery\/12_viden_kveten\/thumbs\/thumbs_IMG_2239.jpg\" alt=\"IMG_2239\" width=\"150\" height=\"150\" \/><\/a><p class=\"wp-caption-text\">O\u017eivl\u00e1 socha se nechce fotit dokud nehod\u00edte n\u011bco do kasi\u010dky.<\/p><\/div>\n<p>&nbsp;<\/td>\n<\/tr>\n<\/tbody>\n<\/table>\n<p><strong>Co dodat?<\/strong><\/p>\n<table>\n<tbody>\n<tr>\n<td>\n<p><div style=\"width: 160px\" class=\"wp-caption alignnone\"><a class=\"shutterset_\" href=\"http:\/\/tymur.cz\/wp-content\/gallery\/12_viden_kveten\/IMG_2258.jpg\"><img loading=\"lazy\" decoding=\"async\" class=\"ngg-singlepic ngg-none\" src=\"http:\/\/tymur.cz\/wp-content\/gallery\/12_viden_kveten\/thumbs\/thumbs_IMG_2258.jpg\" alt=\"IMG_2258\" width=\"150\" height=\"150\" \/><\/a><p class=\"wp-caption-text\">Evidentn\u011b ne v\u0161ichni maj\u00ed turisty r\u00e1di, ale j\u00e1 se s \u017e\u00e1dn\u00fdm odporem nesetkal.<\/p><\/div><\/td>\n<td>Snad je to, \u017ee V\u00edde\u0148 je kr\u00e1sn\u00e1 a nen\u00ed daleko ani na jednodenn\u00ed v\u00fdlet. Je pravda, \u017ee je o fous dra\u017e\u0161\u00ed ne\u017e Praha (asi tak o 10%-15%), ale na to, vyrazit si jednou za \u010das za z\u00e1bavou a za kulturou nen\u00ed zas takov\u00fd probl\u00e9m trochu p\u0159iplatit. U\u017e se t\u011b\u0161\u00edm a\u017e tam vyraz\u00edm zase.<\/td>\n<td><\/td>\n<\/tr>\n<\/tbody>\n<\/table>\n<p>Je\u0161t\u011b nakonec ostatn\u00ed fotky.<br \/>ngg_shortcode_0_placeholder\n<p>td<\/p>\n","protected":false},"excerpt":{"rendered":"<p>Letos je to 150 let co se ve V\u00eddni narodil mal\u00ed\u0159sk\u00fd g\u00e9nius a p\u0159edstavitel v\u00edde\u0148sk\u00e9 secese Gustav Klimt. V\u00edde\u0148 si toto v\u00fdro\u010d\u00ed p\u0159ipom\u00edn\u00e1 ve velk\u00e9m stylu a po cel\u00fd rok jsou ve m\u011bst\u011b v\u00fdstavy nejen Klimtov\u00fdch obraz\u016f, ale v\u0161eho co &hellip; <a href=\"https:\/\/www.tymur.cz\/?p=723\">Continue reading <span class=\"meta-nav\">&rarr;<\/span><\/a><\/p>\n","protected":false},"author":1,"featured_media":0,"comment_status":"open","ping_status":"closed","sticky":false,"template":"","format":"standard","meta":{"ngg_post_thumbnail":0,"footnotes":""},"categories":[106],"tags":[],"class_list":["post-723","post","type-post","status-publish","format-standard","hentry","category-publicistika"],"_links":{"self":[{"href":"https:\/\/www.tymur.cz\/index.php?rest_route=\/wp\/v2\/posts\/723","targetHints":{"allow":["GET"]}}],"collection":[{"href":"https:\/\/www.tymur.cz\/index.php?rest_route=\/wp\/v2\/posts"}],"about":[{"href":"https:\/\/www.tymur.cz\/index.php?rest_route=\/wp\/v2\/types\/post"}],"author":[{"embeddable":true,"href":"https:\/\/www.tymur.cz\/index.php?rest_route=\/wp\/v2\/users\/1"}],"replies":[{"embeddable":true,"href":"https:\/\/www.tymur.cz\/index.php?rest_route=%2Fwp%2Fv2%2Fcomments&post=723"}],"version-history":[{"count":56,"href":"https:\/\/www.tymur.cz\/index.php?rest_route=\/wp\/v2\/posts\/723\/revisions"}],"predecessor-version":[{"id":2148,"href":"https:\/\/www.tymur.cz\/index.php?rest_route=\/wp\/v2\/posts\/723\/revisions\/2148"}],"wp:attachment":[{"href":"https:\/\/www.tymur.cz\/index.php?rest_route=%2Fwp%2Fv2%2Fmedia&parent=723"}],"wp:term":[{"taxonomy":"category","embeddable":true,"href":"https:\/\/www.tymur.cz\/index.php?rest_route=%2Fwp%2Fv2%2Fcategories&post=723"},{"taxonomy":"post_tag","embeddable":true,"href":"https:\/\/www.tymur.cz\/index.php?rest_route=%2Fwp%2Fv2%2Ftags&post=723"}],"curies":[{"name":"wp","href":"https:\/\/api.w.org\/{rel}","templated":true}]}}