{"id":1245,"date":"2014-07-15T22:06:34","date_gmt":"2014-07-15T21:06:34","guid":{"rendered":"http:\/\/tymur.cz\/?p=1245"},"modified":"2014-07-15T22:06:34","modified_gmt":"2014-07-15T21:06:34","slug":"klara-a-jakub-den-svatebni","status":"publish","type":"post","link":"https:\/\/www.tymur.cz\/?p=1245","title":{"rendered":"Kl\u00e1ra a Jakub den svatebn\u00ed"},"content":{"rendered":"<p>ngg_shortcode_0_placeholder<br \/>\nKosteleck\u00e1 veselka a Vy\u017elovsk\u00e1 veselice :)<\/p>\n<p><!--more--><\/p>ngg_shortcode_1_placeholder","protected":false},"excerpt":{"rendered":"<p>Kosteleck\u00e1 veselka a Vy\u017elovsk\u00e1 veselice :)<\/p>\n","protected":false},"author":1,"featured_media":0,"comment_status":"open","ping_status":"closed","sticky":false,"template":"","format":"standard","meta":{"ngg_post_thumbnail":0,"footnotes":""},"categories":[108],"tags":[],"class_list":["post-1245","post","type-post","status-publish","format-standard","hentry","category-ostatni-2014"],"_links":{"self":[{"href":"https:\/\/www.tymur.cz\/index.php?rest_route=\/wp\/v2\/posts\/1245","targetHints":{"allow":["GET"]}}],"collection":[{"href":"https:\/\/www.tymur.cz\/index.php?rest_route=\/wp\/v2\/posts"}],"about":[{"href":"https:\/\/www.tymur.cz\/index.php?rest_route=\/wp\/v2\/types\/post"}],"author":[{"embeddable":true,"href":"https:\/\/www.tymur.cz\/index.php?rest_route=\/wp\/v2\/users\/1"}],"replies":[{"embeddable":true,"href":"https:\/\/www.tymur.cz\/index.php?rest_route=%2Fwp%2Fv2%2Fcomments&post=1245"}],"version-history":[{"count":1,"href":"https:\/\/www.tymur.cz\/index.php?rest_route=\/wp\/v2\/posts\/1245\/revisions"}],"predecessor-version":[{"id":1246,"href":"https:\/\/www.tymur.cz\/index.php?rest_route=\/wp\/v2\/posts\/1245\/revisions\/1246"}],"wp:attachment":[{"href":"https:\/\/www.tymur.cz\/index.php?rest_route=%2Fwp%2Fv2%2Fmedia&parent=1245"}],"wp:term":[{"taxonomy":"category","embeddable":true,"href":"https:\/\/www.tymur.cz\/index.php?rest_route=%2Fwp%2Fv2%2Fcategories&post=1245"},{"taxonomy":"post_tag","embeddable":true,"href":"https:\/\/www.tymur.cz\/index.php?rest_route=%2Fwp%2Fv2%2Ftags&post=1245"}],"curies":[{"name":"wp","href":"https:\/\/api.w.org\/{rel}","templated":true}]}}